{"id":663,"date":"2026-08-05T20:24:00","date_gmt":"2026-08-05T20:24:00","guid":{"rendered":"https:\/\/comprarmascotas.es\/mini-teckel-adoptar-en-mascotes-costa-brava\/"},"modified":"2026-08-07T20:36:34","modified_gmt":"2026-08-07T20:36:34","slug":"cadells-mini-teckel-en-venda-mascotes-costa-brava","status":"publish","type":"post","link":"https:\/\/comprarmascotas.es\/ca\/cadells-mini-teckel-en-venda-mascotes-costa-brava\/","title":{"rendered":"Cadells Mini Teckel a Mascotes Costa Brava"},"content":{"rendered":"\n<figure class=\"wp-block-image size-full\"><img fetchpriority=\"high\" decoding=\"async\" width=\"940\" height=\"788\" src=\"https:\/\/comprarmascotas.es\/wp-content\/uploads\/2024\/05\/adoptar-mini-teckel-girona.png\" alt=\"mini Teckel\" class=\"wp-image-646\" srcset=\"https:\/\/comprarmascotas.es\/wp-content\/uploads\/2024\/05\/adoptar-mini-teckel-girona.png 940w, https:\/\/comprarmascotas.es\/wp-content\/uploads\/2024\/05\/adoptar-mini-teckel-girona-300x251.png 300w, https:\/\/comprarmascotas.es\/wp-content\/uploads\/2024\/05\/adoptar-mini-teckel-girona-768x644.png 768w\" sizes=\"(max-width: 940px) 100vw, 940px\" \/><\/figure>\n\n<p class=\"wp-block-paragraph\">Darrera actualitzaci\u00f3: agost 2026<\/p>\n\n<p class=\"wp-block-paragraph\">Si busques comprar un Mini Teckel, has arribat al lloc ideal. A Mascotes Costa Brava, criador familiar ubicat a Ventall\u00f3 (Girona), portem m\u00e9s de 35 anys especialitzats en la cria de Teckel miniatura de p\u00e8l curt, llarg i dur. Tots els nostres cadells s\u2019entreguen amb pedigree FCI, microxip, cartilla veterin\u00e0ria i garantia sanit\u00e0ria. Si busques un criador de Mini Teckel a Girona, Catalunya o la Costa Brava, pots visitar les nostres instal\u00b7lacions amb cita pr\u00e8via.   <\/p>\n\n<div style=\"height:30px\" aria-hidden=\"true\" class=\"wp-block-spacer\"><\/div>\n\n<figure class=\"wp-block-table\"><table class=\"has-fixed-layout\"><thead><tr><th>Caracter\u00edstica<\/th><th>Valor<\/th><th>Font<\/th><\/tr><\/thead><tbody><tr><td>Grup FCI<\/td><td>Grup IV \u2013 Teckels<\/td><td>FCI n. 148<\/td><\/tr><tr><td>Pes adult (Mini Teckel)<\/td><td>3,5 \u2013 5 kg<\/td><td>FCI n. 148<\/td><\/tr><tr><td>Al\u00e7ada a la creu<\/td><td>13 \u2013 16 cm<\/td><td>FCI n. 148<\/td><\/tr><tr><td>Esperan\u00e7a de vida<\/td><td>12 \u2013 17 anys<\/td><td>AKC \/ Club del Dachshund d\u2019Espanya<\/td><\/tr><tr><td>Nivell d&#8217;energia<\/td><td>Mitj\u00e0-alt<\/td><td>AKC Breed Standard<\/td><\/tr><tr><td>Apte per a pisos<\/td><td>S\u00ed (evitar escales i salts)<\/td><td>Club del Dachshund d\u2019Espanya<\/td><\/tr><tr><td>Hipoal\u00b7lerg\u00e8nic<\/td><td>No<\/td><td>AKC<\/td><\/tr><tr><td>Preu mitj\u00e0 a Espanya<\/td><td>800 \u2013 1.500 EUR<\/td><td>Criadors homologats<\/td><\/tr><\/tbody><\/table><\/figure>\n\n<div style=\"height:30px\" aria-hidden=\"true\" class=\"wp-block-spacer\"><\/div>\n\n<div id=\"ez-toc-container\" class=\"ez-toc-v2_0_87 ez-toc-wrap-left counter-hierarchy ez-toc-counter ez-toc-grey ez-toc-container-direction\">\n<div class=\"ez-toc-title-container\">\n<p class=\"ez-toc-title\" style=\"cursor:inherit\">Tabla de contenidos<\/p>\n<span class=\"ez-toc-title-toggle\"><a href=\"#\" class=\"ez-toc-pull-right ez-toc-btn ez-toc-btn-xs ez-toc-btn-default ez-toc-toggle\" aria-label=\"Toggle Table of Content\"><span class=\"ez-toc-js-icon-con\"><span class=\"\"><span class=\"eztoc-hide\" style=\"display:none;\">Toggle<\/span><span class=\"ez-toc-icon-toggle-span\"><svg style=\"fill: #999;color:#999\" xmlns=\"http:\/\/www.w3.org\/2000\/svg\" class=\"list-377408\" width=\"20px\" height=\"20px\" viewBox=\"0 0 24 24\" fill=\"none\"><path d=\"M6 6H4v2h2V6zm14 0H8v2h12V6zM4 11h2v2H4v-2zm16 0H8v2h12v-2zM4 16h2v2H4v-2zm16 0H8v2h12v-2z\" fill=\"currentColor\"><\/path><\/svg><svg style=\"fill: #999;color:#999\" class=\"arrow-unsorted-368013\" xmlns=\"http:\/\/www.w3.org\/2000\/svg\" width=\"10px\" height=\"10px\" viewBox=\"0 0 24 24\" version=\"1.2\" baseProfile=\"tiny\"><path d=\"M18.2 9.3l-6.2-6.3-6.2 6.3c-.2.2-.3.4-.3.7s.1.5.3.7c.2.2.4.3.7.3h11c.3 0 .5-.1.7-.3.2-.2.3-.5.3-.7s-.1-.5-.3-.7zM5.8 14.7l6.2 6.3 6.2-6.3c.2-.2.3-.5.3-.7s-.1-.5-.3-.7c-.2-.2-.4-.3-.7-.3h-11c-.3 0-.5.1-.7.3-.2.2-.3.5-.3.7s.1.5.3.7z\"\/><\/svg><\/span><\/span><\/span><\/a><\/span><\/div>\n<nav><ul class='ez-toc-list ez-toc-list-level-1 ' ><li class='ez-toc-page-1 ez-toc-heading-level-2'><a class=\"ez-toc-link ez-toc-heading-1\" href=\"https:\/\/comprarmascotas.es\/ca\/cadells-mini-teckel-en-venda-mascotes-costa-brava\/#El_company_ideal_per_a_qualsevol_situacio\" >El company ideal per a qualsevol situaci\u00f3<\/a><\/li><li class='ez-toc-page-1 ez-toc-heading-level-2'><a class=\"ez-toc-link ez-toc-heading-2\" href=\"https:\/\/comprarmascotas.es\/ca\/cadells-mini-teckel-en-venda-mascotes-costa-brava\/#Caracteristiques_del_Mini_Teckel\" >Caracter\u00edstiques del Mini Teckel<\/a><\/li><li class='ez-toc-page-1 ez-toc-heading-level-2'><a class=\"ez-toc-link ez-toc-heading-3\" href=\"https:\/\/comprarmascotas.es\/ca\/cadells-mini-teckel-en-venda-mascotes-costa-brava\/#Cadells_Mini_Teckel_a_Mascotes_Costa_Brava\" >Cadells Mini Teckel a Mascotes Costa Brava<\/a><\/li><li class='ez-toc-page-1 ez-toc-heading-level-2'><a class=\"ez-toc-link ez-toc-heading-4\" href=\"https:\/\/comprarmascotas.es\/ca\/cadells-mini-teckel-en-venda-mascotes-costa-brava\/#Preguntes_frequents\" >Preguntes freq\u00fcents<\/a><ul class='ez-toc-list-level-3' ><li class='ez-toc-heading-level-3'><a class=\"ez-toc-link ez-toc-heading-5\" href=\"https:\/\/comprarmascotas.es\/ca\/cadells-mini-teckel-en-venda-mascotes-costa-brava\/#On_comprar_un_Mini_Teckel_a_Girona_o_Catalunya\" >On comprar un Mini Teckel a Girona o Catalunya?<\/a><\/li><li class='ez-toc-page-1 ez-toc-heading-level-3'><a class=\"ez-toc-link ez-toc-heading-6\" href=\"https:\/\/comprarmascotas.es\/ca\/cadells-mini-teckel-en-venda-mascotes-costa-brava\/#Quant_costa_un_cadell_de_Mini_Teckel_a_Espanya\" >Quant costa un cadell de Mini Teckel a Espanya?<\/a><\/li><li class='ez-toc-page-1 ez-toc-heading-level-3'><a class=\"ez-toc-link ez-toc-heading-7\" href=\"https:\/\/comprarmascotas.es\/ca\/cadells-mini-teckel-en-venda-mascotes-costa-brava\/#Quant_mesura_i_pesa_un_Mini_Teckel_adult\" >Quant mesura i pesa un Mini Teckel adult?<\/a><\/li><li class='ez-toc-page-1 ez-toc-heading-level-3'><a class=\"ez-toc-link ez-toc-heading-8\" href=\"https:\/\/comprarmascotas.es\/ca\/cadells-mini-teckel-en-venda-mascotes-costa-brava\/#El_Mini_Teckel_es_un_bon_gos_per_viure_en_pis\" >El Mini Teckel \u00e9s un bon gos per viure en pis?<\/a><\/li><li class='ez-toc-page-1 ez-toc-heading-level-3'><a class=\"ez-toc-link ez-toc-heading-9\" href=\"https:\/\/comprarmascotas.es\/ca\/cadells-mini-teckel-en-venda-mascotes-costa-brava\/#Quant_viu_un_Mini_Teckel_i_quines_cures_de_salut_necessita\" >Quant viu un Mini Teckel i quines cures de salut necessita?<\/a><\/li><li class='ez-toc-page-1 ez-toc-heading-level-3'><a class=\"ez-toc-link ez-toc-heading-10\" href=\"https:\/\/comprarmascotas.es\/ca\/cadells-mini-teckel-en-venda-mascotes-costa-brava\/#Quina_documentacio_entrega_Mascotes_Costa_Brava_amb_cada_cadell\" >Quina documentaci\u00f3 entrega Mascotes Costa Brava amb cada cadell?<\/a><\/li><li class='ez-toc-page-1 ez-toc-heading-level-3'><a class=\"ez-toc-link ez-toc-heading-11\" href=\"https:\/\/comprarmascotas.es\/ca\/cadells-mini-teckel-en-venda-mascotes-costa-brava\/#Quina_diferencia_hi_ha_entre_el_Teckel_estandard_i_el_Mini_Teckel\" >Quina difer\u00e8ncia hi ha entre el Teckel est\u00e0ndard i el Mini Teckel?<\/a><\/li><li class='ez-toc-page-1 ez-toc-heading-level-3'><a class=\"ez-toc-link ez-toc-heading-12\" href=\"https:\/\/comprarmascotas.es\/ca\/cadells-mini-teckel-en-venda-mascotes-costa-brava\/#A_quina_edat_sentrega_un_cadell_de_Mini_Teckel\" >A quina edat s\u2019entrega un cadell de Mini Teckel?<\/a><\/li><\/ul><\/li><\/ul><\/nav><\/div>\n<h2 class=\"wp-block-heading\"><span class=\"ez-toc-section\" id=\"El_company_ideal_per_a_qualsevol_situacio\"><\/span>El company ideal per a qualsevol situaci\u00f3<span class=\"ez-toc-section-end\"><\/span><\/h2>\n\n<p class=\"wp-block-paragraph\">El Teckel, tamb\u00e9 conegut com a Dachshund, \u00e9s naturalment un gos ca\u00e7ador. Aix\u00f2 vol dir que tenen una personalitat curiosa, equilibrada i plena d&#8217;actitud. La seva tranquil\u00b7litat i entrenament s\u00f3n essencials perqu\u00e8 puguin exercir les tasques de ca\u00e7a de manera efectiva.  <\/p>\n\n<p class=\"wp-block-paragraph\">Per\u00f2 a m\u00e9s de ser un excel\u00b7lent ca\u00e7ador, el Teckel \u00e9s un magn\u00edfic gos de companyia. S\u00f3n lleials, amistosos i molt pacients. Potser has notat que moltes persones grans prefereixen els Teckel, i no \u00e9s casualitat: aquests gossos s&#8217;adapten f\u00e0cilment a diferents contextos i situacions.  <\/p>\n\n<p class=\"wp-block-paragraph\">Popularment conegut com a gos salsitxa a causa del seu cos llarg i potes curtes, el Teckel presenta diferents varietats quant a mida i tipus de pelatge. \u00c9s important con\u00e8ixer totes aquestes variants abans de decidir comprar un Mini Teckel. <\/p>\n\n<div style=\"height:10px\" aria-hidden=\"true\" class=\"wp-block-spacer\"><\/div>\n\n<h2 class=\"wp-block-heading\"><span class=\"ez-toc-section\" id=\"Caracteristiques_del_Mini_Teckel\"><\/span>Caracter\u00edstiques del Mini Teckel<span class=\"ez-toc-section-end\"><\/span><\/h2>\n\n<p class=\"wp-block-paragraph\">Els Mini Teckel tenen una aparen\u00e7a encantadora i distintiva. Les seves principals caracter\u00edstiques s\u00f3n: <\/p>\n\n<ul class=\"wp-block-list\">\n<li>Cara allargada<\/li>\n\n\n\n<li>Potes curtes<\/li>\n\n\n\n<li>Orelles penjants<\/li>\n\n\n\n<li>Cua llarga i fina<\/li>\n\n\n\n<li>Cap petit<\/li>\n\n\n\n<li>Musell allargat<\/li>\n<\/ul>\n\n<div style=\"height:30px\" aria-hidden=\"true\" class=\"wp-block-spacer\"><\/div>\n\n<h2 class=\"wp-block-heading\"><span class=\"ez-toc-section\" id=\"Cadells_Mini_Teckel_a_Mascotes_Costa_Brava\"><\/span>Cadells Mini Teckel a Mascotes Costa Brava<span class=\"ez-toc-section-end\"><\/span><\/h2>\n\n<figure class=\"wp-block-gallery has-nested-images columns-default is-cropped wp-block-gallery-1 is-layout-flex wp-block-gallery-is-layout-flex\">\n<figure class=\"wp-block-image size-large\"><img decoding=\"async\" width=\"1024\" height=\"1024\" data-id=\"650\" src=\"https:\/\/comprarmascotas.es\/wp-content\/uploads\/2024\/05\/2-1024x1024.png\" alt=\"\" class=\"wp-image-650\" srcset=\"https:\/\/comprarmascotas.es\/wp-content\/uploads\/2024\/05\/2-1024x1024.png 1024w, https:\/\/comprarmascotas.es\/wp-content\/uploads\/2024\/05\/2-300x300.png 300w, https:\/\/comprarmascotas.es\/wp-content\/uploads\/2024\/05\/2-150x150.png 150w, https:\/\/comprarmascotas.es\/wp-content\/uploads\/2024\/05\/2-768x768.png 768w, https:\/\/comprarmascotas.es\/wp-content\/uploads\/2024\/05\/2.png 1080w\" sizes=\"(max-width: 1024px) 100vw, 1024px\" \/><\/figure>\n\n\n\n<figure class=\"wp-block-image size-large\"><img decoding=\"async\" width=\"1024\" height=\"1024\" data-id=\"652\" src=\"https:\/\/comprarmascotas.es\/wp-content\/uploads\/2024\/05\/3-1024x1024.png\" alt=\"\" class=\"wp-image-652\" srcset=\"https:\/\/comprarmascotas.es\/wp-content\/uploads\/2024\/05\/3-1024x1024.png 1024w, https:\/\/comprarmascotas.es\/wp-content\/uploads\/2024\/05\/3-300x300.png 300w, https:\/\/comprarmascotas.es\/wp-content\/uploads\/2024\/05\/3-150x150.png 150w, https:\/\/comprarmascotas.es\/wp-content\/uploads\/2024\/05\/3-768x768.png 768w, https:\/\/comprarmascotas.es\/wp-content\/uploads\/2024\/05\/3.png 1080w\" sizes=\"(max-width: 1024px) 100vw, 1024px\" \/><\/figure>\n\n\n\n<figure class=\"wp-block-image size-large\"><img loading=\"lazy\" decoding=\"async\" width=\"1080\" height=\"1080\" data-id=\"654\" src=\"https:\/\/comprarmascotas.es\/wp-content\/uploads\/2024\/05\/4-1024x1024.png\" alt=\"\" class=\"wp-image-654\" srcset=\"https:\/\/comprarmascotas.es\/wp-content\/uploads\/2024\/05\/4-1024x1024.png 1024w, https:\/\/comprarmascotas.es\/wp-content\/uploads\/2024\/05\/4-300x300.png 300w, https:\/\/comprarmascotas.es\/wp-content\/uploads\/2024\/05\/4-150x150.png 150w, https:\/\/comprarmascotas.es\/wp-content\/uploads\/2024\/05\/4-768x768.png 768w, https:\/\/comprarmascotas.es\/wp-content\/uploads\/2024\/05\/4.png 1080w\" sizes=\"(max-width: 1080px) 100vw, 1080px\" \/><\/figure>\n<\/figure>\n\n<div style=\"height:30px\" aria-hidden=\"true\" class=\"wp-block-spacer\"><\/div>\n\n<p class=\"wp-block-paragraph\">A Mascotes Costa Brava, som l&#8217;\u00fanic centre a Catalunya que combina cria, resid\u00e8ncia canina i felina, cl\u00ednica veterin\u00e0ria pr\u00f2pia, botiga de complements per a mascotes, i un circuit Agility i <a href=\"https:\/\/comprarmascotas.es\/educacion-canina-adiestramiento-en-girona\/\" target=\"_blank\" rel=\"noreferrer noopener\">ensinistrament<\/a> . La nostra cl\u00ednica veterin\u00e0ria ens permet mantenir els nostres gossos reproductors en \u00f2ptimes condicions de salut mitjan\u00e7ant anal\u00edtiques, ecografies i radiografies, assegurant que no hi hagi complicacions durant la gestaci\u00f3 o el part. <\/p>\n\n<p class=\"wp-block-paragraph\">Entreguem els nostres <a href=\"https:\/\/smylepets.com\/perros\/consejos\/comprar-teckel\/\" target=\"_blank\" rel=\"noreferrer noopener\">cadells<\/a> Teckel amb totes les garanties gen\u00e8tiques i de salut, fent revisions di\u00e0ries per assegurar-ne el benestar. Si en algun moment tens dubtes sobre la salut de la teva mascota, pots visitar el nostre centre per a una revisi\u00f3 completa. <\/p>\n\n<p class=\"wp-block-paragraph\">Per a m\u00e9s informaci\u00f3 sobre els nostres cadells Mini Teckel en venda, no dubtis a <a href=\"https:\/\/www.mascotascostabrava.es\/es\/ubicacion\/\" target=\"_blank\" rel=\"noreferrer noopener\">contactar amb nosaltres<\/a>. Treballem amb totes les garanties perqu\u00e8 la teva mascota sigui feli\u00e7 i estigui sempre saludable. <\/p>\n\n<p class=\"wp-block-paragraph\">Estem aqu\u00ed per ajudar-te a trobar el teu nou millor amic!<\/p>\n\n<h2 class=\"wp-block-heading\"><span class=\"ez-toc-section\" id=\"Preguntes_frequents\"><\/span>Preguntes freq\u00fcents<span class=\"ez-toc-section-end\"><\/span><\/h2>\n\n<h3 class=\"wp-block-heading\"><span class=\"ez-toc-section\" id=\"On_comprar_un_Mini_Teckel_a_Girona_o_Catalunya\"><\/span>On comprar un Mini Teckel a Girona o Catalunya?<span class=\"ez-toc-section-end\"><\/span><\/h3>\n\n<p class=\"wp-block-paragraph\">Mascotes Costa Brava \u00e9s un criador familiar especialitzat en Teckel miniatura ubicat a Ventall\u00f3, Girona, amb m\u00e9s de 35 anys d\u2019experi\u00e8ncia i nucli zool\u00f2gic oficial G\/2500204. Els cadells s\u2019entreguen amb pedigree FCI, microxip, cartilla veterin\u00e0ria i garantia sanit\u00e0ria. Pots agendar una visita a comprarmascotas.es o trucant al +34 671 506 376.<\/p>\n\n<h3 class=\"wp-block-heading\"><span class=\"ez-toc-section\" id=\"Quant_costa_un_cadell_de_Mini_Teckel_a_Espanya\"><\/span>Quant costa un cadell de Mini Teckel a Espanya?<span class=\"ez-toc-section-end\"><\/span><\/h3>\n\n<p class=\"wp-block-paragraph\">El preu d\u2019un cadell de Mini Teckel en criadors homologats a Espanya oscil\u00b7la entre 800 i 1.500 EUR, segons el color, la varietat de pelatge i si inclou pedigree RSCE o FCI. Preus molt per sota de 500 EUR sense documentaci\u00f3 solen indicar cries sense garanties sanit\u00e0ries. <\/p>\n\n<h3 class=\"wp-block-heading\"><span class=\"ez-toc-section\" id=\"Quant_mesura_i_pesa_un_Mini_Teckel_adult\"><\/span>Quant mesura i pesa un Mini Teckel adult?<span class=\"ez-toc-section-end\"><\/span><\/h3>\n\n<p class=\"wp-block-paragraph\">El Mini Teckel adult pesa entre 3,5 i 5 kg i mesura entre 13 i 16 cm d\u2019al\u00e7ada a la creu, amb el caracter\u00edstic cos allargat de la ra\u00e7a. \u00c9s significativament m\u00e9s petit que el Teckel est\u00e0ndard, que pot arribar fins als 9 kg. <\/p>\n\n<h3 class=\"wp-block-heading\"><span class=\"ez-toc-section\" id=\"El_Mini_Teckel_es_un_bon_gos_per_viure_en_pis\"><\/span>El Mini Teckel \u00e9s un bon gos per viure en pis?<span class=\"ez-toc-section-end\"><\/span><\/h3>\n\n<p class=\"wp-block-paragraph\">S\u00ed. El Mini Teckel s\u2019adapta molt b\u00e9 a la vida en pis gr\u00e0cies a la seva mida redu\u00efda, tot i que necessita dos passejos diaris de 20-30 minuts. \u00c9s important evitar que pugi i baixi escales o salti de sof\u00e0s i llits, ja que la ra\u00e7a t\u00e9 predisposici\u00f3 a h\u00e8rnies discals.  <\/p>\n\n<h3 class=\"wp-block-heading\"><span class=\"ez-toc-section\" id=\"Quant_viu_un_Mini_Teckel_i_quines_cures_de_salut_necessita\"><\/span>Quant viu un Mini Teckel i quines cures de salut necessita?<span class=\"ez-toc-section-end\"><\/span><\/h3>\n\n<p class=\"wp-block-paragraph\">L\u2019esperan\u00e7a de vida d\u2019un Mini Teckel \u00e9s de 12 a 17 anys. El principal risc de salut \u00e9s la malaltia del disc intervertebral (IVDD), que afecta fins a un de cada quatre exemplars, per la qual cosa el control de pes i evitar esfor\u00e7os verticals s\u00f3n clau per al seu benestar. <\/p>\n\n<h3 class=\"wp-block-heading\"><span class=\"ez-toc-section\" id=\"Quina_documentacio_entrega_Mascotes_Costa_Brava_amb_cada_cadell\"><\/span>Quina documentaci\u00f3 entrega Mascotes Costa Brava amb cada cadell?<span class=\"ez-toc-section-end\"><\/span><\/h3>\n\n<p class=\"wp-block-paragraph\">Cada cadell de Mini Teckel s\u2019entrega amb microxip implantat, cartilla sanit\u00e0ria amb les vacunes al dia, passaport europeu, contracte de compravenda i pedigree FCI quan els pares estan inscrits al registre corresponent. L\u2019entrega es fa a partir de les 8 setmanes de vida. <\/p>\n\n<h3 class=\"wp-block-heading\"><span class=\"ez-toc-section\" id=\"Quina_diferencia_hi_ha_entre_el_Teckel_estandard_i_el_Mini_Teckel\"><\/span>Quina difer\u00e8ncia hi ha entre el Teckel est\u00e0ndard i el Mini Teckel?<span class=\"ez-toc-section-end\"><\/span><\/h3>\n\n<p class=\"wp-block-paragraph\">El Teckel est\u00e0ndard pesa entre 7 i 14 kg, mentre que el Mini Teckel no supera els 5 kg. Tots dos comparteixen el mateix car\u00e0cter valent i independent, per\u00f2 la mida redu\u00efda del Mini Teckel el fa m\u00e9s adequat per a pisos i espais redu\u00efts. <\/p>\n\n<h3 class=\"wp-block-heading\"><span class=\"ez-toc-section\" id=\"A_quina_edat_sentrega_un_cadell_de_Mini_Teckel\"><\/span>A quina edat s\u2019entrega un cadell de Mini Teckel?<span class=\"ez-toc-section-end\"><\/span><\/h3>\n\n<p class=\"wp-block-paragraph\">L\u2019edat m\u00ednima legal i recomanada per a l\u2019entrega \u00e9s de 8 setmanes, moment en qu\u00e8 el cadell ja ha completat el per\u00edode cr\u00edtic de socialitzaci\u00f3 amb la mare i els germans. Mascotes Costa Brava, com a criador responsable, no entrega cadells abans d\u2019aquesta edat. <\/p>\n\n<p class=\"wp-block-paragraph\"><\/p>\n","protected":false},"excerpt":{"rendered":"<p>Darrera actualitzaci\u00f3: agost 2026 Si busques comprar un Mini Teckel, has arribat al lloc ideal. A Mascotes Costa Brava, criador familiar ubicat a Ventall\u00f3 (Girona), portem m\u00e9s de 35 anys especialitzats en la cria de Teckel miniatura de p\u00e8l curt, llarg i dur. Tots els nostres cadells s\u2019entreguen amb pedigree FCI, microxip, cartilla veterin\u00e0ria i [&hellip;]<\/p>\n","protected":false},"author":1,"featured_media":647,"comment_status":"closed","ping_status":"closed","sticky":false,"template":"","format":"standard","meta":{"footnotes":""},"categories":[16],"tags":[],"class_list":["post-663","post","type-post","status-publish","format-standard","has-post-thumbnail","hentry","category-venda-de-mascotes"],"blocksy_meta":{"styles_descriptor":{"styles":{"desktop":"","tablet":"","mobile":""},"google_fonts":[],"version":7}},"yoast_head":"<!-- This site is optimized with the Yoast SEO plugin v28.4 - https:\/\/yoast.com\/product\/yoast-seo-wordpress\/ -->\n<title>Cadells Mini Teckel a Mascotes Costa Brava- Girona<\/title>\n<meta name=\"description\" content=\"Criador de Mini Teckel a Ventall\u00f3, Girona. Cadells amb pedigree FCI i garantia sanit\u00e0ria. Visites amb cita pr\u00e8via. +34 671 506 376.\" \/>\n<meta name=\"robots\" content=\"index, follow, max-snippet:-1, max-image-preview:large, max-video-preview:-1\" \/>\n<link rel=\"canonical\" href=\"https:\/\/comprarmascotas.es\/ca\/cadells-mini-teckel-en-venda-mascotes-costa-brava\/\" \/>\n<meta property=\"og:locale\" content=\"ca_ES\" \/>\n<meta property=\"og:type\" content=\"article\" \/>\n<meta property=\"og:title\" content=\"Cadells Mini Teckel a Mascotes Costa Brava- Girona\" \/>\n<meta property=\"og:description\" content=\"Criador de Mini Teckel a Ventall\u00f3, Girona. Cadells amb pedigree FCI i garantia sanit\u00e0ria. Visites amb cita pr\u00e8via. +34 671 506 376.\" \/>\n<meta property=\"og:url\" content=\"https:\/\/comprarmascotas.es\/ca\/cadells-mini-teckel-en-venda-mascotes-costa-brava\/\" \/>\n<meta property=\"og:site_name\" content=\"Mascotes Costa Brava\" \/>\n<meta property=\"article:publisher\" content=\"https:\/\/www.facebook.com\/mascotescostabrava\" \/>\n<meta property=\"article:published_time\" content=\"2026-08-05T20:24:00+00:00\" \/>\n<meta property=\"article:modified_time\" content=\"2026-08-07T20:36:34+00:00\" \/>\n<meta property=\"og:image\" content=\"https:\/\/comprarmascotas.es\/wp-content\/uploads\/2024\/05\/adoptar-mini-teckel-girona.png\" \/>\n\t<meta property=\"og:image:width\" content=\"940\" \/>\n\t<meta property=\"og:image:height\" content=\"788\" \/>\n\t<meta property=\"og:image:type\" content=\"image\/png\" \/>\n<meta name=\"author\" content=\"Mascotes Costa Brava\" \/>\n<meta name=\"twitter:card\" content=\"summary_large_image\" \/>\n<meta name=\"twitter:label1\" content=\"Escrit per\" \/>\n\t<meta name=\"twitter:data1\" content=\"Mascotes Costa Brava\" \/>\n\t<meta name=\"twitter:label2\" content=\"Temps estimat de lectura\" \/>\n\t<meta name=\"twitter:data2\" content=\"3 minuts\" \/>\n<!-- \/ Yoast SEO plugin. -->","yoast_head_json":{"title":"Cadells Mini Teckel a Mascotes Costa Brava- Girona","description":"Criador de Mini Teckel a Ventall\u00f3, Girona. Cadells amb pedigree FCI i garantia sanit\u00e0ria. Visites amb cita pr\u00e8via. +34 671 506 376.","robots":{"index":"index","follow":"follow","max-snippet":"max-snippet:-1","max-image-preview":"max-image-preview:large","max-video-preview":"max-video-preview:-1"},"canonical":"https:\/\/comprarmascotas.es\/ca\/cadells-mini-teckel-en-venda-mascotes-costa-brava\/","og_locale":"ca_ES","og_type":"article","og_title":"Cadells Mini Teckel a Mascotes Costa Brava- Girona","og_description":"Criador de Mini Teckel a Ventall\u00f3, Girona. Cadells amb pedigree FCI i garantia sanit\u00e0ria. Visites amb cita pr\u00e8via. +34 671 506 376.","og_url":"https:\/\/comprarmascotas.es\/ca\/cadells-mini-teckel-en-venda-mascotes-costa-brava\/","og_site_name":"Mascotes Costa Brava","article_publisher":"https:\/\/www.facebook.com\/mascotescostabrava","article_published_time":"2026-08-05T20:24:00+00:00","article_modified_time":"2026-08-07T20:36:34+00:00","og_image":[{"width":940,"height":788,"url":"https:\/\/comprarmascotas.es\/wp-content\/uploads\/2024\/05\/adoptar-mini-teckel-girona.png","type":"image\/png"}],"author":"Mascotes Costa Brava","twitter_card":"summary_large_image","twitter_misc":{"Escrit per":"Mascotes Costa Brava","Temps estimat de lectura":"3 minuts"},"schema":{"@context":"https:\/\/schema.org","@graph":[{"@type":"Article","@id":"https:\/\/comprarmascotas.es\/ca\/cadells-mini-teckel-en-venda-mascotes-costa-brava\/#article","isPartOf":{"@id":"https:\/\/comprarmascotas.es\/ca\/cadells-mini-teckel-en-venda-mascotes-costa-brava\/"},"author":{"name":"Mascotes Costa Brava","@id":"https:\/\/comprarmascotas.es\/ca\/#\/schema\/person\/7caf0ae5fef59be331d5b2b0a20e721b"},"headline":"Cadells Mini Teckel a Mascotes Costa Brava","datePublished":"2026-08-05T20:24:00+00:00","dateModified":"2026-08-07T20:36:34+00:00","mainEntityOfPage":{"@id":"https:\/\/comprarmascotas.es\/ca\/cadells-mini-teckel-en-venda-mascotes-costa-brava\/"},"wordCount":996,"publisher":{"@id":"https:\/\/comprarmascotas.es\/ca\/#organization"},"image":{"@id":"https:\/\/comprarmascotas.es\/ca\/cadells-mini-teckel-en-venda-mascotes-costa-brava\/#primaryimage"},"thumbnailUrl":"https:\/\/comprarmascotas.es\/wp-content\/uploads\/2024\/05\/adoptar-mini-teckel-girona.png","articleSection":["Venda de mascotes"],"inLanguage":"ca"},{"@type":["WebPage","ItemPage"],"@id":"https:\/\/comprarmascotas.es\/ca\/cadells-mini-teckel-en-venda-mascotes-costa-brava\/","url":"https:\/\/comprarmascotas.es\/ca\/cadells-mini-teckel-en-venda-mascotes-costa-brava\/","name":"Cadells Mini Teckel a Mascotes Costa Brava- Girona","isPartOf":{"@id":"https:\/\/comprarmascotas.es\/ca\/#website"},"primaryImageOfPage":{"@id":"https:\/\/comprarmascotas.es\/ca\/cadells-mini-teckel-en-venda-mascotes-costa-brava\/#primaryimage"},"image":{"@id":"https:\/\/comprarmascotas.es\/ca\/cadells-mini-teckel-en-venda-mascotes-costa-brava\/#primaryimage"},"thumbnailUrl":"https:\/\/comprarmascotas.es\/wp-content\/uploads\/2024\/05\/adoptar-mini-teckel-girona.png","datePublished":"2026-08-05T20:24:00+00:00","dateModified":"2026-08-07T20:36:34+00:00","description":"Criador de Mini Teckel a Ventall\u00f3, Girona. Cadells amb pedigree FCI i garantia sanit\u00e0ria. Visites amb cita pr\u00e8via. +34 671 506 376.","breadcrumb":{"@id":"https:\/\/comprarmascotas.es\/ca\/cadells-mini-teckel-en-venda-mascotes-costa-brava\/#breadcrumb"},"inLanguage":"ca","potentialAction":[{"@type":"ReadAction","target":["https:\/\/comprarmascotas.es\/ca\/cadells-mini-teckel-en-venda-mascotes-costa-brava\/"]}]},{"@type":"ImageObject","inLanguage":"ca","@id":"https:\/\/comprarmascotas.es\/ca\/cadells-mini-teckel-en-venda-mascotes-costa-brava\/#primaryimage","url":"https:\/\/comprarmascotas.es\/wp-content\/uploads\/2024\/05\/adoptar-mini-teckel-girona.png","contentUrl":"https:\/\/comprarmascotas.es\/wp-content\/uploads\/2024\/05\/adoptar-mini-teckel-girona.png","width":940,"height":788,"caption":"mini Teckel"},{"@type":"BreadcrumbList","@id":"https:\/\/comprarmascotas.es\/ca\/cadells-mini-teckel-en-venda-mascotes-costa-brava\/#breadcrumb","itemListElement":[{"@type":"ListItem","position":1,"name":"Mascotes Costa Brava","item":"https:\/\/comprarmascotas.es\/ca\/"},{"@type":"ListItem","position":2,"name":"Venda de mascotes","item":"https:\/\/comprarmascotas.es\/ca\/category\/venda-de-mascotes\/"},{"@type":"ListItem","position":3,"name":"Cadells Mini Teckel a Mascotes Costa Brava"}]},{"@type":"WebSite","@id":"https:\/\/comprarmascotas.es\/ca\/#website","url":"https:\/\/comprarmascotas.es\/ca\/","name":"Comprar Mascotas","description":"Venta de mascotas y cl\u00ednica veterinaria en Girona","publisher":{"@id":"https:\/\/comprarmascotas.es\/ca\/#organization"},"alternateName":"Mascotas Costa Brava","potentialAction":[{"@type":"SearchAction","target":{"@type":"EntryPoint","urlTemplate":"https:\/\/comprarmascotas.es\/ca\/?s={search_term_string}"},"query-input":{"@type":"PropertyValueSpecification","valueRequired":true,"valueName":"search_term_string"}}],"inLanguage":"ca"},{"@type":"Organization","@id":"https:\/\/comprarmascotas.es\/ca\/#organization","name":"Mascotas Costa Brava","alternateName":"Criadores responsables de perros","url":"https:\/\/comprarmascotas.es\/ca\/","logo":{"@type":"ImageObject","inLanguage":"ca","@id":"https:\/\/comprarmascotas.es\/ca\/#\/schema\/logo\/image\/","url":"https:\/\/comprarmascotas.es\/wp-content\/uploads\/2023\/10\/LogoSitio.svg","contentUrl":"https:\/\/comprarmascotas.es\/wp-content\/uploads\/2023\/10\/LogoSitio.svg","width":300,"height":207,"caption":"Mascotas Costa Brava"},"image":{"@id":"https:\/\/comprarmascotas.es\/ca\/#\/schema\/logo\/image\/"},"sameAs":["https:\/\/www.facebook.com\/mascotescostabrava","https:\/\/www.instagram.com\/mascotescostabrava\/"]},{"@type":"Person","@id":"https:\/\/comprarmascotas.es\/ca\/#\/schema\/person\/7caf0ae5fef59be331d5b2b0a20e721b","name":"Mascotes Costa Brava","image":{"@type":"ImageObject","inLanguage":"ca","@id":"https:\/\/secure.gravatar.com\/avatar\/b7fb4cff0b30bb664a3fe8271f60c493235311eb1bb917d43fd79a61ae8e99f8?s=96&d=mm&r=g","url":"https:\/\/secure.gravatar.com\/avatar\/b7fb4cff0b30bb664a3fe8271f60c493235311eb1bb917d43fd79a61ae8e99f8?s=96&d=mm&r=g","contentUrl":"https:\/\/secure.gravatar.com\/avatar\/b7fb4cff0b30bb664a3fe8271f60c493235311eb1bb917d43fd79a61ae8e99f8?s=96&d=mm&r=g","caption":"Mascotes Costa Brava"},"sameAs":["https:\/\/comprarmascotas.es"]}]}},"_links":{"self":[{"href":"https:\/\/comprarmascotas.es\/ca\/wp-json\/wp\/v2\/posts\/663","targetHints":{"allow":["GET"]}}],"collection":[{"href":"https:\/\/comprarmascotas.es\/ca\/wp-json\/wp\/v2\/posts"}],"about":[{"href":"https:\/\/comprarmascotas.es\/ca\/wp-json\/wp\/v2\/types\/post"}],"author":[{"embeddable":true,"href":"https:\/\/comprarmascotas.es\/ca\/wp-json\/wp\/v2\/users\/1"}],"replies":[{"embeddable":true,"href":"https:\/\/comprarmascotas.es\/ca\/wp-json\/wp\/v2\/comments?post=663"}],"version-history":[{"count":0,"href":"https:\/\/comprarmascotas.es\/ca\/wp-json\/wp\/v2\/posts\/663\/revisions"}],"wp:featuredmedia":[{"embeddable":true,"href":"https:\/\/comprarmascotas.es\/ca\/wp-json\/wp\/v2\/media\/647"}],"wp:attachment":[{"href":"https:\/\/comprarmascotas.es\/ca\/wp-json\/wp\/v2\/media?parent=663"}],"wp:term":[{"taxonomy":"category","embeddable":true,"href":"https:\/\/comprarmascotas.es\/ca\/wp-json\/wp\/v2\/categories?post=663"},{"taxonomy":"post_tag","embeddable":true,"href":"https:\/\/comprarmascotas.es\/ca\/wp-json\/wp\/v2\/tags?post=663"}],"curies":[{"name":"wp","href":"https:\/\/api.w.org\/{rel}","templated":true}]}}